{"id":1799,"date":"2022-09-02T15:45:00","date_gmt":"2022-09-02T13:45:00","guid":{"rendered":"https:\/\/www.electroson.fr\/?p=1799"},"modified":"2024-07-08T17:54:43","modified_gmt":"2024-07-08T15:54:43","slug":"etude-de-cas-application-audio-synchronisee-fete-du-lac-dannecy-2022-histoire-deaux","status":"publish","type":"post","link":"https:\/\/www.electroson.fr\/en\/blog\/etude-de-cas-application-audio-synchronisee-fete-du-lac-dannecy-2022-histoire-deaux\/","title":{"rendered":"Case study: Synchronized audio application \u2013 Lake Annecy Festival 2022 \u2013 Histoire d&#039;Eaux"},"content":{"rendered":"<p>After 2 years of absence, the <strong>Lake Festival <\/strong>made a comeback in 2022, with development focused on the<strong>eco-responsibility<\/strong>, I&#039;<strong>inclusion <\/strong>and the <strong>social<\/strong>.<\/p>\n\n\n\n<p>This year the <strong>spectacle<\/strong> of 70 minutes honored water, with a show <strong>pyrotechnic<\/strong> of 70 minutes including, for the first time, a prologue of <strong>drone<\/strong>. It&#039;s more than <strong>200 000 <\/strong>people who were able to enjoy the show for this 2022 edition.<\/p>\n\n\n\n<p>By going to <a href=\"https:\/\/fetedulac.fr\" target=\"_blank\" rel=\"noreferrer noopener\">fetedulac.fr<\/a> during the show, with a <strong>smart phone<\/strong>, a <strong>Tablet<\/strong> or a computer, viewers could listen <strong>free<\/strong> and very simply <strong>soundtrack<\/strong> of the spectacle synchronized and accessible thanks to a <strong>completely dematerialized solution <\/strong>guaranteeing a <strong>optimal quality of audio transmission<\/strong> and the <strong>minimal latency<\/strong>.<\/p>\n\n\n\n<p>But this time, in addition to offering the soundtrack, <strong>Electroson Studio<\/strong> adapted the application to make a <strong>listening solution suitable for the visually impaired<\/strong>, by also setting up access to a <strong>audio description tape<\/strong>.<\/p>\n\n\n\n<div style=\"height:30px\" aria-hidden=\"true\" class=\"wp-block-spacer\"><\/div>\n\n\n\n<h2 class=\"wp-block-heading\">USER EXPERIENCE<\/h2>\n\n\n\n<div style=\"height:10px\" aria-hidden=\"true\" class=\"wp-block-spacer\"><\/div>\n\n\n\n<img decoding=\"async\" src=\"https:\/\/www.electroson.fr\/wp-content\/uploads\/2022\/08\/Site-Annecy-2022.png\" style=\"width:50%\">\n\n\n\n<div style=\"height:10px\" aria-hidden=\"true\" class=\"wp-block-spacer\"><\/div>\n\n\n\n<p>Both <strong>soundtracks<\/strong> of the show were very <strong>easily<\/strong> and <strong>free<\/strong> listenable during the event on the <strong>website<\/strong> <a href=\"http:\/\/fetedulac.fr\" target=\"_blank\" rel=\"noreferrer noopener\">fetedulac.fr<\/a>, reachable <strong>without the need to install an application<\/strong>, on connected devices, such as <strong>smartphones <\/strong>Where <strong>tablets<\/strong>.<\/p>\n\n\n\n<p>A few days before the event, spectators are invited to visit the website in order to <strong>preload <\/strong>soundtracks (no user action required).<\/p>\n\n\n\n<p>A <strong>simple connection to the website <\/strong>a few minutes before the start of the pyromusical fire allows the <strong>automatic trigger <\/strong>of the selected soundtrack from the start of the show.<\/p>\n\n\n\n<div style=\"height:30px\" aria-hidden=\"true\" class=\"wp-block-spacer\"><\/div>\n\n\n\n<h2 class=\"wp-block-heading\">TECHNICALLY<\/h2>\n\n\n\n<div style=\"height:10px\" aria-hidden=\"true\" class=\"wp-block-spacer\"><\/div>\n\n\n\n<p>HAS <strong>the precise moment <\/strong>where the show is started, our device receives a pulse (called <strong>time code<\/strong>) and this <strong>automatically synchronizes<\/strong> and inform via<strong> 4G network<\/strong> all viewer connected devices.<strong> The soundtracks then begin to play on the viewers&#039; devices<\/strong>.<\/p>\n\n\n\n<div style=\"height:10px\" aria-hidden=\"true\" class=\"wp-block-spacer\"><\/div>\n\n\n\n<p>Audio media are <strong>directly read by connected devices <\/strong>spectators, thus allowing <strong>limit latency as much as possible <\/strong>not relying on a system of <strong>streaming <\/strong>(whose latency can reach one minute) but by direct reading <strong>on the viewer&#039;s smartphone web browser<\/strong>. The developed tool is thus <strong>suitable for modern devices<\/strong> allowing audio playback in their web browsers (<a href=\"https:\/\/developer.mozilla.org\/en-US\/docs\/Web\/API\/HTMLAudioElement#browser_compatibility\" target=\"_blank\" rel=\"noreferrer noopener\">see compatibility list<\/a>).<\/p>\n\n\n\n<div style=\"height:30px\" aria-hidden=\"true\" class=\"wp-block-spacer\"><\/div>\n\n\n\n<h2 class=\"wp-block-heading\">STATISTICS<\/h2>\n\n\n\n<div style=\"height:10px\" aria-hidden=\"true\" class=\"wp-block-spacer\"><\/div>\n\n\n\n<p>Between August 2 and August 6, the web application registered 7,048 unique visitors, and on August 6 these were between <strong>5,000 and 7,000 devices that were connected during the show<\/strong>.<\/p>\n\n\n\n<p>For the first time, spectators were able to enjoy the show from the heights of the city, with family or friends:<\/p>\n\n\n\n<p>&quot;\u00a0<em>Seen from Marquisats beach, the soundtrack is a superb initiative. To redo<\/em>&quot;\u00a0<\/p>\n\n\n\n<p>&quot;\u00a0<em>Perfect thank you very much! At the top seen from afar with the sound at the top of Cuvat<\/em>&quot;\u00a0<\/p>\n\n\n\n<p>&quot;\u00a0<em>An excellent idea! Seen from the Parc du Taillefer, the soundtrack really brought a plus! And the sync with the lights was perfect!&nbsp;<img loading=\"lazy\" decoding=\"async\" height=\"16\" width=\"16\" src=\"https:\/\/static.xx.fbcdn.net\/images\/emoji.php\/v9\/tb6\/1\/16\/1f44c_1f3fb.png\" alt=\"\ud83d\udc4c\ud83c\udffb\"><img loading=\"lazy\" decoding=\"async\" height=\"16\" width=\"16\" src=\"https:\/\/static.xx.fbcdn.net\/images\/emoji.php\/v9\/t77\/1\/16\/1f44d_1f3fb.png\" alt=\"\ud83d\udc4d\ud83c\udffb\">&nbsp;Cheer !!&nbsp;<img loading=\"lazy\" decoding=\"async\" height=\"16\" width=\"16\" src=\"https:\/\/static.xx.fbcdn.net\/images\/emoji.php\/v9\/tf9\/1\/16\/1f44f_1f3fb.png\" alt=\"\ud83d\udc4f\ud83c\udffb\"><\/em>&quot;\u00a0<\/p>\n\n\n\n<p>&quot;\u00a0<em>Seen from Poisy and with sound, it was even better! Bravo and thank you for this initiative&nbsp;<img loading=\"lazy\" decoding=\"async\" height=\"16\" width=\"16\" src=\"https:\/\/static.xx.fbcdn.net\/images\/emoji.php\/v9\/t37\/1\/16\/1f44c_1f3fc.png\" alt=\"\ud83d\udc4c\ud83c\udffc\"><img loading=\"lazy\" decoding=\"async\" height=\"16\" width=\"16\" src=\"https:\/\/static.xx.fbcdn.net\/images\/emoji.php\/v9\/tf8\/1\/16\/1f44d_1f3fc.png\" alt=\"\ud83d\udc4d\ud83c\udffc\"><\/em>&quot;\u00a0<\/p>\n\n\n\n<div style=\"height:60px\" aria-hidden=\"true\" class=\"wp-block-spacer\"><\/div>\n\n\n\n<p>Do you also want a <strong>simple and free dematerialized system for your spectators <\/strong>which would allow them to have access to a <strong>transmission of one or more suitable soundtracks<\/strong> and or <strong>inclusive<\/strong> ?<\/p>\n\n\n\n<p>Your event is <strong>huge proportion<\/strong> (fireworks visible from several places), <strong>visible from afar<\/strong> (sound and light at the foot of which the spectators cannot go), or would require a <strong>excessive sound system <\/strong>to capture the expected number of spectators?<\/p>\n\n\n\n<p><strong><a href=\"#contact\">contact us<\/a> <\/strong>so we can discuss it!<\/p>","protected":false},"excerpt":{"rendered":"<p>Electroson Studio has adapted its audio application to create a listening solution suitable for the visually impaired, also providing access to an audio description track.<\/p>","protected":false},"author":1,"featured_media":1804,"comment_status":"open","ping_status":"open","sticky":false,"template":"","format":"standard","meta":{"_acf_changed":false,"_exactmetrics_skip_tracking":false,"_exactmetrics_sitenote_active":false,"_exactmetrics_sitenote_note":"","_exactmetrics_sitenote_category":0,"footnotes":""},"categories":[42,25],"tags":[31,8,32,33,34],"class_list":["post-1799","post","type-post","status-publish","format-standard","has-post-thumbnail","hentry","category-innovation","category-materiel","tag-annecy","tag-application-mobile","tag-case-study","tag-etude-de-cas","tag-modulo-pi"],"acf":[],"yoast_head":"<!-- This site is optimized with the Yoast SEO plugin v27.3 - https:\/\/yoast.com\/product\/yoast-seo-wordpress\/ -->\n<title>Electroson Studio - Cr\u00e9ateurs de mappings vid\u00e9o &#8211; Blog &#8211; Etude de cas : Application audio synchronis\u00e9e - F\u00eate du Lac d&#039;Annecy 2022 - Histoire d&#039;Eaux<\/title>\n<meta name=\"robots\" content=\"index, follow, max-snippet:-1, max-image-preview:large, max-video-preview:-1\" \/>\n<link rel=\"canonical\" href=\"https:\/\/www.electroson.fr\/en\/blog\/etude-de-cas-application-audio-synchronisee-fete-du-lac-dannecy-2022-histoire-deaux\/\" \/>\n<meta property=\"og:locale\" content=\"en_US\" \/>\n<meta property=\"og:type\" content=\"article\" \/>\n<meta property=\"og:title\" content=\"Electroson Studio - Cr\u00e9ateurs de mappings vid\u00e9o &#8211; Blog &#8211; Etude de cas : Application audio synchronis\u00e9e - F\u00eate du Lac d&#039;Annecy 2022 - Histoire d&#039;Eaux\" \/>\n<meta property=\"og:description\" content=\"Electroson Studio a adapt\u00e9 son application audio pour r\u00e9aliser une solution d&#039;\u00e9coute adapt\u00e9e aux d\u00e9ficients visuels, en mettant \u00e9galement en place un acc\u00e8s \u00e0 une bande d&#039;audiodescription.\" \/>\n<meta property=\"og:url\" content=\"https:\/\/www.electroson.fr\/en\/blog\/etude-de-cas-application-audio-synchronisee-fete-du-lac-dannecy-2022-histoire-deaux\/\" \/>\n<meta property=\"og:site_name\" content=\"Electroson Studio - Cr\u00e9ateurs de mappings vid\u00e9o\" \/>\n<meta property=\"article:publisher\" content=\"https:\/\/www.facebook.com\/electroson.studio\" \/>\n<meta property=\"article:published_time\" content=\"2022-09-02T13:45:00+00:00\" \/>\n<meta property=\"article:modified_time\" content=\"2024-07-08T15:54:43+00:00\" \/>\n<meta property=\"og:image\" content=\"https:\/\/www.electroson.fr\/wp-content\/uploads\/2022\/08\/background-e1660727294474.jpg\" \/>\n\t<meta property=\"og:image:width\" content=\"998\" \/>\n\t<meta property=\"og:image:height\" content=\"764\" \/>\n\t<meta property=\"og:image:type\" content=\"image\/jpeg\" \/>\n<meta name=\"author\" content=\"electroson\" \/>\n<meta name=\"twitter:card\" content=\"summary_large_image\" \/>\n<meta name=\"twitter:label1\" content=\"Written by\" \/>\n\t<meta name=\"twitter:data1\" content=\"electroson\" \/>\n\t<meta name=\"twitter:label2\" content=\"Est. reading time\" \/>\n\t<meta name=\"twitter:data2\" content=\"5 minutes\" \/>\n<script type=\"application\/ld+json\" class=\"yoast-schema-graph\">{\"@context\":\"https:\\\/\\\/schema.org\",\"@graph\":[{\"@type\":\"Article\",\"@id\":\"https:\\\/\\\/www.electroson.fr\\\/blog\\\/etude-de-cas-application-audio-synchronisee-fete-du-lac-dannecy-2022-histoire-deaux\\\/#article\",\"isPartOf\":{\"@id\":\"https:\\\/\\\/www.electroson.fr\\\/blog\\\/etude-de-cas-application-audio-synchronisee-fete-du-lac-dannecy-2022-histoire-deaux\\\/\"},\"author\":{\"name\":\"electroson\",\"@id\":\"http:\\\/\\\/www.electroson.fr\\\/en\\\/#\\\/schema\\\/person\\\/7a73445a81dbd26af08c72c6ff5317e5\"},\"headline\":\"Etude de cas : Application audio synchronis\u00e9e &#8211; F\u00eate du Lac d&rsquo;Annecy 2022 &#8211; Histoire d&rsquo;Eaux\",\"datePublished\":\"2022-09-02T13:45:00+00:00\",\"dateModified\":\"2024-07-08T15:54:43+00:00\",\"mainEntityOfPage\":{\"@id\":\"https:\\\/\\\/www.electroson.fr\\\/blog\\\/etude-de-cas-application-audio-synchronisee-fete-du-lac-dannecy-2022-histoire-deaux\\\/\"},\"wordCount\":631,\"commentCount\":0,\"publisher\":{\"@id\":\"http:\\\/\\\/www.electroson.fr\\\/en\\\/#organization\"},\"image\":{\"@id\":\"https:\\\/\\\/www.electroson.fr\\\/blog\\\/etude-de-cas-application-audio-synchronisee-fete-du-lac-dannecy-2022-histoire-deaux\\\/#primaryimage\"},\"thumbnailUrl\":\"https:\\\/\\\/www.electroson.fr\\\/wp-content\\\/uploads\\\/2022\\\/08\\\/background-e1660727294474.jpg\",\"keywords\":[\"Annecy\",\"Application mobile\",\"Case Study\",\"Etude de cas\",\"Modulo Pi\"],\"articleSection\":[\"Innovation\",\"Mat\u00e9riel\"],\"inLanguage\":\"en-US\",\"potentialAction\":[{\"@type\":\"CommentAction\",\"name\":\"Comment\",\"target\":[\"https:\\\/\\\/www.electroson.fr\\\/blog\\\/etude-de-cas-application-audio-synchronisee-fete-du-lac-dannecy-2022-histoire-deaux\\\/#respond\"]}]},{\"@type\":\"WebPage\",\"@id\":\"https:\\\/\\\/www.electroson.fr\\\/blog\\\/etude-de-cas-application-audio-synchronisee-fete-du-lac-dannecy-2022-histoire-deaux\\\/\",\"url\":\"https:\\\/\\\/www.electroson.fr\\\/blog\\\/etude-de-cas-application-audio-synchronisee-fete-du-lac-dannecy-2022-histoire-deaux\\\/\",\"name\":\"Electroson Studio - Cr\u00e9ateurs de mappings vid\u00e9o &#8211; Blog &#8211; Etude de cas : Application audio synchronis\u00e9e - F\u00eate du Lac d'Annecy 2022 - Histoire d'Eaux\",\"isPartOf\":{\"@id\":\"http:\\\/\\\/www.electroson.fr\\\/en\\\/#website\"},\"primaryImageOfPage\":{\"@id\":\"https:\\\/\\\/www.electroson.fr\\\/blog\\\/etude-de-cas-application-audio-synchronisee-fete-du-lac-dannecy-2022-histoire-deaux\\\/#primaryimage\"},\"image\":{\"@id\":\"https:\\\/\\\/www.electroson.fr\\\/blog\\\/etude-de-cas-application-audio-synchronisee-fete-du-lac-dannecy-2022-histoire-deaux\\\/#primaryimage\"},\"thumbnailUrl\":\"https:\\\/\\\/www.electroson.fr\\\/wp-content\\\/uploads\\\/2022\\\/08\\\/background-e1660727294474.jpg\",\"datePublished\":\"2022-09-02T13:45:00+00:00\",\"dateModified\":\"2024-07-08T15:54:43+00:00\",\"breadcrumb\":{\"@id\":\"https:\\\/\\\/www.electroson.fr\\\/blog\\\/etude-de-cas-application-audio-synchronisee-fete-du-lac-dannecy-2022-histoire-deaux\\\/#breadcrumb\"},\"inLanguage\":\"en-US\",\"potentialAction\":[{\"@type\":\"ReadAction\",\"target\":[\"https:\\\/\\\/www.electroson.fr\\\/blog\\\/etude-de-cas-application-audio-synchronisee-fete-du-lac-dannecy-2022-histoire-deaux\\\/\"]}]},{\"@type\":\"ImageObject\",\"inLanguage\":\"en-US\",\"@id\":\"https:\\\/\\\/www.electroson.fr\\\/blog\\\/etude-de-cas-application-audio-synchronisee-fete-du-lac-dannecy-2022-histoire-deaux\\\/#primaryimage\",\"url\":\"https:\\\/\\\/www.electroson.fr\\\/wp-content\\\/uploads\\\/2022\\\/08\\\/background-e1660727294474.jpg\",\"contentUrl\":\"https:\\\/\\\/www.electroson.fr\\\/wp-content\\\/uploads\\\/2022\\\/08\\\/background-e1660727294474.jpg\",\"width\":998,\"height\":764},{\"@type\":\"BreadcrumbList\",\"@id\":\"https:\\\/\\\/www.electroson.fr\\\/blog\\\/etude-de-cas-application-audio-synchronisee-fete-du-lac-dannecy-2022-histoire-deaux\\\/#breadcrumb\",\"itemListElement\":[{\"@type\":\"ListItem\",\"position\":1,\"name\":\"Home\",\"item\":\"http:\\\/\\\/www.electroson.fr\\\/en\\\/\"},{\"@type\":\"ListItem\",\"position\":2,\"name\":\"Etude de cas : Application audio synchronis\u00e9e &#8211; F\u00eate du Lac d&rsquo;Annecy 2022 &#8211; Histoire d&rsquo;Eaux\"}]},{\"@type\":\"WebSite\",\"@id\":\"http:\\\/\\\/www.electroson.fr\\\/en\\\/#website\",\"url\":\"http:\\\/\\\/www.electroson.fr\\\/en\\\/\",\"name\":\"Electroson Studio - Cr\u00e9ateurs de mappings vid\u00e9o\",\"description\":\"\",\"publisher\":{\"@id\":\"http:\\\/\\\/www.electroson.fr\\\/en\\\/#organization\"},\"potentialAction\":[{\"@type\":\"SearchAction\",\"target\":{\"@type\":\"EntryPoint\",\"urlTemplate\":\"http:\\\/\\\/www.electroson.fr\\\/en\\\/?s={search_term_string}\"},\"query-input\":{\"@type\":\"PropertyValueSpecification\",\"valueRequired\":true,\"valueName\":\"search_term_string\"}}],\"inLanguage\":\"en-US\"},{\"@type\":\"Organization\",\"@id\":\"http:\\\/\\\/www.electroson.fr\\\/en\\\/#organization\",\"name\":\"Electroson Studio\",\"url\":\"http:\\\/\\\/www.electroson.fr\\\/en\\\/\",\"logo\":{\"@type\":\"ImageObject\",\"inLanguage\":\"en-US\",\"@id\":\"http:\\\/\\\/www.electroson.fr\\\/en\\\/#\\\/schema\\\/logo\\\/image\\\/\",\"url\":\"https:\\\/\\\/www.electroson.fr\\\/wp-content\\\/uploads\\\/2020\\\/05\\\/Logo-Electroson-Studio-2018-noir-transparent-grand.png\",\"contentUrl\":\"https:\\\/\\\/www.electroson.fr\\\/wp-content\\\/uploads\\\/2020\\\/05\\\/Logo-Electroson-Studio-2018-noir-transparent-grand.png\",\"width\":5400,\"height\":1440,\"caption\":\"Electroson Studio\"},\"image\":{\"@id\":\"http:\\\/\\\/www.electroson.fr\\\/en\\\/#\\\/schema\\\/logo\\\/image\\\/\"},\"sameAs\":[\"https:\\\/\\\/www.facebook.com\\\/electroson.studio\",\"https:\\\/\\\/www.instagram.com\\\/electroson\\\/\",\"https:\\\/\\\/www.linkedin.com\\\/company\\\/electroson-studio\\\/\",\"https:\\\/\\\/www.youtube.com\\\/channel\\\/UCNweWo9JNw2byoR46hVcdSQ\\\/videos\"]},{\"@type\":\"Person\",\"@id\":\"http:\\\/\\\/www.electroson.fr\\\/en\\\/#\\\/schema\\\/person\\\/7a73445a81dbd26af08c72c6ff5317e5\",\"name\":\"electroson\",\"image\":{\"@type\":\"ImageObject\",\"inLanguage\":\"en-US\",\"@id\":\"https:\\\/\\\/secure.gravatar.com\\\/avatar\\\/4b0692e3239df6858f79903120dd849e5f6996c53a04d16b03a827b01a23eeac?s=96&d=mm&r=g\",\"url\":\"https:\\\/\\\/secure.gravatar.com\\\/avatar\\\/4b0692e3239df6858f79903120dd849e5f6996c53a04d16b03a827b01a23eeac?s=96&d=mm&r=g\",\"contentUrl\":\"https:\\\/\\\/secure.gravatar.com\\\/avatar\\\/4b0692e3239df6858f79903120dd849e5f6996c53a04d16b03a827b01a23eeac?s=96&d=mm&r=g\",\"caption\":\"electroson\"}}]}<\/script>\n<!-- \/ Yoast SEO plugin. -->","yoast_head_json":{"title":"Electroson Studio - Cr\u00e9ateurs de mappings vid\u00e9o &#8211; Blog &#8211; Etude de cas : Application audio synchronis\u00e9e - F\u00eate du Lac d'Annecy 2022 - Histoire d'Eaux","robots":{"index":"index","follow":"follow","max-snippet":"max-snippet:-1","max-image-preview":"max-image-preview:large","max-video-preview":"max-video-preview:-1"},"canonical":"https:\/\/www.electroson.fr\/en\/blog\/etude-de-cas-application-audio-synchronisee-fete-du-lac-dannecy-2022-histoire-deaux\/","og_locale":"en_US","og_type":"article","og_title":"Electroson Studio - Cr\u00e9ateurs de mappings vid\u00e9o &#8211; Blog &#8211; Etude de cas : Application audio synchronis\u00e9e - F\u00eate du Lac d'Annecy 2022 - Histoire d'Eaux","og_description":"Electroson Studio a adapt\u00e9 son application audio pour r\u00e9aliser une solution d'\u00e9coute adapt\u00e9e aux d\u00e9ficients visuels, en mettant \u00e9galement en place un acc\u00e8s \u00e0 une bande d'audiodescription.","og_url":"https:\/\/www.electroson.fr\/en\/blog\/etude-de-cas-application-audio-synchronisee-fete-du-lac-dannecy-2022-histoire-deaux\/","og_site_name":"Electroson Studio - Cr\u00e9ateurs de mappings vid\u00e9o","article_publisher":"https:\/\/www.facebook.com\/electroson.studio","article_published_time":"2022-09-02T13:45:00+00:00","article_modified_time":"2024-07-08T15:54:43+00:00","og_image":[{"width":998,"height":764,"url":"https:\/\/www.electroson.fr\/wp-content\/uploads\/2022\/08\/background-e1660727294474.jpg","type":"image\/jpeg"}],"author":"electroson","twitter_card":"summary_large_image","twitter_misc":{"Written by":"electroson","Est. reading time":"5 minutes"},"schema":{"@context":"https:\/\/schema.org","@graph":[{"@type":"Article","@id":"https:\/\/www.electroson.fr\/blog\/etude-de-cas-application-audio-synchronisee-fete-du-lac-dannecy-2022-histoire-deaux\/#article","isPartOf":{"@id":"https:\/\/www.electroson.fr\/blog\/etude-de-cas-application-audio-synchronisee-fete-du-lac-dannecy-2022-histoire-deaux\/"},"author":{"name":"electroson","@id":"http:\/\/www.electroson.fr\/en\/#\/schema\/person\/7a73445a81dbd26af08c72c6ff5317e5"},"headline":"Etude de cas : Application audio synchronis\u00e9e &#8211; F\u00eate du Lac d&rsquo;Annecy 2022 &#8211; Histoire d&rsquo;Eaux","datePublished":"2022-09-02T13:45:00+00:00","dateModified":"2024-07-08T15:54:43+00:00","mainEntityOfPage":{"@id":"https:\/\/www.electroson.fr\/blog\/etude-de-cas-application-audio-synchronisee-fete-du-lac-dannecy-2022-histoire-deaux\/"},"wordCount":631,"commentCount":0,"publisher":{"@id":"http:\/\/www.electroson.fr\/en\/#organization"},"image":{"@id":"https:\/\/www.electroson.fr\/blog\/etude-de-cas-application-audio-synchronisee-fete-du-lac-dannecy-2022-histoire-deaux\/#primaryimage"},"thumbnailUrl":"https:\/\/www.electroson.fr\/wp-content\/uploads\/2022\/08\/background-e1660727294474.jpg","keywords":["Annecy","Application mobile","Case Study","Etude de cas","Modulo Pi"],"articleSection":["Innovation","Mat\u00e9riel"],"inLanguage":"en-US","potentialAction":[{"@type":"CommentAction","name":"Comment","target":["https:\/\/www.electroson.fr\/blog\/etude-de-cas-application-audio-synchronisee-fete-du-lac-dannecy-2022-histoire-deaux\/#respond"]}]},{"@type":"WebPage","@id":"https:\/\/www.electroson.fr\/blog\/etude-de-cas-application-audio-synchronisee-fete-du-lac-dannecy-2022-histoire-deaux\/","url":"https:\/\/www.electroson.fr\/blog\/etude-de-cas-application-audio-synchronisee-fete-du-lac-dannecy-2022-histoire-deaux\/","name":"Electroson Studio - Cr\u00e9ateurs de mappings vid\u00e9o &#8211; Blog &#8211; Etude de cas : Application audio synchronis\u00e9e - F\u00eate du Lac d'Annecy 2022 - Histoire d'Eaux","isPartOf":{"@id":"http:\/\/www.electroson.fr\/en\/#website"},"primaryImageOfPage":{"@id":"https:\/\/www.electroson.fr\/blog\/etude-de-cas-application-audio-synchronisee-fete-du-lac-dannecy-2022-histoire-deaux\/#primaryimage"},"image":{"@id":"https:\/\/www.electroson.fr\/blog\/etude-de-cas-application-audio-synchronisee-fete-du-lac-dannecy-2022-histoire-deaux\/#primaryimage"},"thumbnailUrl":"https:\/\/www.electroson.fr\/wp-content\/uploads\/2022\/08\/background-e1660727294474.jpg","datePublished":"2022-09-02T13:45:00+00:00","dateModified":"2024-07-08T15:54:43+00:00","breadcrumb":{"@id":"https:\/\/www.electroson.fr\/blog\/etude-de-cas-application-audio-synchronisee-fete-du-lac-dannecy-2022-histoire-deaux\/#breadcrumb"},"inLanguage":"en-US","potentialAction":[{"@type":"ReadAction","target":["https:\/\/www.electroson.fr\/blog\/etude-de-cas-application-audio-synchronisee-fete-du-lac-dannecy-2022-histoire-deaux\/"]}]},{"@type":"ImageObject","inLanguage":"en-US","@id":"https:\/\/www.electroson.fr\/blog\/etude-de-cas-application-audio-synchronisee-fete-du-lac-dannecy-2022-histoire-deaux\/#primaryimage","url":"https:\/\/www.electroson.fr\/wp-content\/uploads\/2022\/08\/background-e1660727294474.jpg","contentUrl":"https:\/\/www.electroson.fr\/wp-content\/uploads\/2022\/08\/background-e1660727294474.jpg","width":998,"height":764},{"@type":"BreadcrumbList","@id":"https:\/\/www.electroson.fr\/blog\/etude-de-cas-application-audio-synchronisee-fete-du-lac-dannecy-2022-histoire-deaux\/#breadcrumb","itemListElement":[{"@type":"ListItem","position":1,"name":"Home","item":"http:\/\/www.electroson.fr\/en\/"},{"@type":"ListItem","position":2,"name":"Etude de cas : Application audio synchronis\u00e9e &#8211; F\u00eate du Lac d&rsquo;Annecy 2022 &#8211; Histoire d&rsquo;Eaux"}]},{"@type":"WebSite","@id":"http:\/\/www.electroson.fr\/en\/#website","url":"http:\/\/www.electroson.fr\/en\/","name":"Electroson Studio - Creators of video mappings","description":"","publisher":{"@id":"http:\/\/www.electroson.fr\/en\/#organization"},"potentialAction":[{"@type":"SearchAction","target":{"@type":"EntryPoint","urlTemplate":"http:\/\/www.electroson.fr\/en\/?s={search_term_string}"},"query-input":{"@type":"PropertyValueSpecification","valueRequired":true,"valueName":"search_term_string"}}],"inLanguage":"en-US"},{"@type":"Organization","@id":"http:\/\/www.electroson.fr\/en\/#organization","name":"Electroson Studio","url":"http:\/\/www.electroson.fr\/en\/","logo":{"@type":"ImageObject","inLanguage":"en-US","@id":"http:\/\/www.electroson.fr\/en\/#\/schema\/logo\/image\/","url":"https:\/\/www.electroson.fr\/wp-content\/uploads\/2020\/05\/Logo-Electroson-Studio-2018-noir-transparent-grand.png","contentUrl":"https:\/\/www.electroson.fr\/wp-content\/uploads\/2020\/05\/Logo-Electroson-Studio-2018-noir-transparent-grand.png","width":5400,"height":1440,"caption":"Electroson Studio"},"image":{"@id":"http:\/\/www.electroson.fr\/en\/#\/schema\/logo\/image\/"},"sameAs":["https:\/\/www.facebook.com\/electroson.studio","https:\/\/www.instagram.com\/electroson\/","https:\/\/www.linkedin.com\/company\/electroson-studio\/","https:\/\/www.youtube.com\/channel\/UCNweWo9JNw2byoR46hVcdSQ\/videos"]},{"@type":"Person","@id":"http:\/\/www.electroson.fr\/en\/#\/schema\/person\/7a73445a81dbd26af08c72c6ff5317e5","name":"electrosound","image":{"@type":"ImageObject","inLanguage":"en-US","@id":"https:\/\/secure.gravatar.com\/avatar\/4b0692e3239df6858f79903120dd849e5f6996c53a04d16b03a827b01a23eeac?s=96&d=mm&r=g","url":"https:\/\/secure.gravatar.com\/avatar\/4b0692e3239df6858f79903120dd849e5f6996c53a04d16b03a827b01a23eeac?s=96&d=mm&r=g","contentUrl":"https:\/\/secure.gravatar.com\/avatar\/4b0692e3239df6858f79903120dd849e5f6996c53a04d16b03a827b01a23eeac?s=96&d=mm&r=g","caption":"electroson"}}]}},"_links":{"self":[{"href":"https:\/\/www.electroson.fr\/en\/wp-json\/wp\/v2\/posts\/1799","targetHints":{"allow":["GET"]}}],"collection":[{"href":"https:\/\/www.electroson.fr\/en\/wp-json\/wp\/v2\/posts"}],"about":[{"href":"https:\/\/www.electroson.fr\/en\/wp-json\/wp\/v2\/types\/post"}],"author":[{"embeddable":true,"href":"https:\/\/www.electroson.fr\/en\/wp-json\/wp\/v2\/users\/1"}],"replies":[{"embeddable":true,"href":"https:\/\/www.electroson.fr\/en\/wp-json\/wp\/v2\/comments?post=1799"}],"version-history":[{"count":1,"href":"https:\/\/www.electroson.fr\/en\/wp-json\/wp\/v2\/posts\/1799\/revisions"}],"predecessor-version":[{"id":2329,"href":"https:\/\/www.electroson.fr\/en\/wp-json\/wp\/v2\/posts\/1799\/revisions\/2329"}],"wp:featuredmedia":[{"embeddable":true,"href":"https:\/\/www.electroson.fr\/en\/wp-json\/wp\/v2\/media\/1804"}],"wp:attachment":[{"href":"https:\/\/www.electroson.fr\/en\/wp-json\/wp\/v2\/media?parent=1799"}],"wp:term":[{"taxonomy":"category","embeddable":true,"href":"https:\/\/www.electroson.fr\/en\/wp-json\/wp\/v2\/categories?post=1799"},{"taxonomy":"post_tag","embeddable":true,"href":"https:\/\/www.electroson.fr\/en\/wp-json\/wp\/v2\/tags?post=1799"}],"curies":[{"name":"wp","href":"https:\/\/api.w.org\/{rel}","templated":true}]}}