{"id":1639,"date":"2022-03-21T12:36:32","date_gmt":"2022-03-21T11:36:32","guid":{"rendered":"https:\/\/www.electroson.fr\/?p=1639"},"modified":"2025-08-03T16:32:48","modified_gmt":"2025-08-03T14:32:48","slug":"retour-sur-dapres-nature-mapping-video-chapelle-des-maristes-la-seyne-sur-mer-83-decembre-2021","status":"publish","type":"post","link":"https:\/\/www.electroson.fr\/en\/blog\/retour-sur-dapres-nature-mapping-video-chapelle-des-maristes-la-seyne-sur-mer-83-decembre-2021\/","title":{"rendered":"Back to: D'Apr\u00e8s Nature \u2013 Video mapping \u2013 Marist Chapel \u2013 La-Seyne-sur-Mer (83) \u2013 December 2021"},"content":{"rendered":"<p class=\"translation-block\"><strong>Electroson Studio<\/strong> has been selected by the <strong>City of La-Seyne-sur-Mer<\/strong> as part of the 2021 end-of-year celebrations to create a light trail in the city.<\/p>\n\n\n\n<p class=\"translation-block\">Relive the show &quot; <strong>D&#039;Apr\u00e8s Nature<\/strong> &quot;, projected on the Chapelle des Maristes de <strong>La-Seyne-Sur-Mer (83)<\/strong> in December 2021.<\/p>\n\n\n\n<p class=\"translation-block\">Artist specializing in sets and fixed paintings but also industrial designer, <strong>Elodie Poidatz<\/strong> gives us here a 5-minute project that evokes the four seasons and painting and highlights the facade of the Chapelle des Maristes de La-Seyne-Sur- Sea.<\/p>\n\n\n\n<p><\/p>\n\n\n\n<p><strong>SYNOPSIS:<\/strong><\/p>\n\n\n\n<p>\u201cDuring this period, we are more sensitive to the nature that surrounds us, to the spectacle it offers us, to its rhythm, to the cycle of the seasons. The show offers a poetic and pictorial vision of this nature and of our link with it, through the crossed eyes of painters who have celebrated it and have been able to magnify its colors.<\/p>\n\n\n\n<p>The show begins with a crystalline and magical winter, where the building is presented as a monochrome engraving caught in the ice, then spring with cherry blossoms and women imprinted in Mucha, then summer is evoked through the eyes of Matisse and Signac in warm colours, then autumn with Bonnard.<\/p>\n\n\n\n<p>Finally, the building is magnified in a golden, celestial and flamboyant view mixing Byzantine mosaics and art deco painting.<\/p>\n\n\n\n<div style=\"height:30px\" aria-hidden=\"true\" class=\"wp-block-spacer\"><\/div>\n\n\n\n<p class=\"translation-block\">The 2 <a href=\"https:\/\/www.electroson.fr\/en\/boutique\/epson-eb-l1715s\/\" target=\"_blank\" rel=\"noreferrer noopener\"><strong>Epson EB-L1715S<\/strong><\/a> video projectors are installed in a <strong>projection tower<\/strong> with a sound system embedded in the tower.<\/p>\n\n\n\n<p class=\"translation-block\">The installation is <strong>controlled<\/strong> by a <strong><a href=\"https:\/\/www.electroson.fr\/en\/boutique\/modulo-pi-player-standard-mp-std-2-2-sorties\/\" target=\"_blank\" rel=\"noreferrer noopener\">Modulo Pi Standard 2-output<\/a><\/strong> <strong>media server<\/strong> . The fine adjustments were made on the <strong><a href=\"https:\/\/www.electroson.fr\/en\/modulo-pi\/\" target=\"_self\">Modulo Pi<\/a><\/strong> .<\/p>\n\n\n\n<div style=\"height:30px\" aria-hidden=\"true\" class=\"wp-block-spacer\"><\/div>\n\n\n\n<div style=\"padding:56.25% 0 0 0;position:relative;\"><iframe src=\"https:\/\/player.vimeo.com\/video\/690463870?color=000000&amp;title=0&amp;byline=0&amp;portrait=0\" style=\"position:absolute;top:0;left:0;width:100%;height:100%;\" frameborder=\"0\" allow=\"autoplay; fullscreen; picture-in-picture\" allowfullscreen=\"\"><\/iframe><\/div><script src=\"https:\/\/player.vimeo.com\/api\/player.js\"><\/script>\n\n\n\n<div style=\"height:30px\" aria-hidden=\"true\" class=\"wp-block-spacer\"><\/div>\n\n\n\n<p class=\"translation-block\"><strong>Material :<br><\/strong> \u2013 1 waterproof, ventilated and heated <strong><a href=\"https:\/\/www.electroson.fr\/en\/le-mapping-video\/\" target=\"_self\">projection tower<\/a><\/strong> designed by <strong>Electroson Studio<\/strong><br> \u2013 2 <strong><a href=\"https:\/\/www.electroson.fr\/en\/boutique\/epson-eb-l1715s\/\" target=\"_blank\" rel=\"noreferrer noopener\">Epson EB-L1715S<\/a><\/strong> video projectors with <a href=\"https:\/\/www.electroson.fr\/en\/boutique\/epson-elplm15\/\" target=\"_blank\" rel=\"noreferrer noopener\">ELPLM15<\/a> optics \u2013 15,000 lumens<br> \u2013 1 <strong><a href=\"https:\/\/www.electroson.fr\/en\/boutique\/modulo-pi-player-standard-mp-std-2-2-sorties\/\" target=\"_blank\" rel=\"noreferrer noopener\">Modulo Pi STD-2<\/a><\/strong> media server<br> \u2013 2 <strong>RCF<\/strong> speakers of 400W RMS in the projection towers<br> \u2013 1 4G Modem + IP camera + computer with <a href=\"https:\/\/www.electroson.fr\/en\/modulo-pi\/\" target=\"_self\">Modulo Player Remote<\/a> for <strong>remote control<\/strong><\/p>","protected":false},"excerpt":{"rendered":"<p class=\"translation-block\"><strong>Electroson Studio<\/strong> has been selected by the <strong>City of La-Seyne-sur-Mer<\/strong> as part of the 2021 end-of-year celebrations to create a light trail in the city.<\/p>\n<p>Revivez le spectacle \u00ab\u00a0D&rsquo;Apr\u00e8s Nature\u00a0\u00bb, projet\u00e9 sur la Chapelle des Maristes de La-Seyne-Sur-Mer (83) en D\u00e9cembre 2021.<\/p>","protected":false},"author":1,"featured_media":1640,"comment_status":"closed","ping_status":"closed","sticky":false,"template":"","format":"standard","meta":{"_acf_changed":false,"_exactmetrics_skip_tracking":false,"_exactmetrics_sitenote_active":false,"_exactmetrics_sitenote_note":"","_exactmetrics_sitenote_category":0,"footnotes":""},"categories":[9,25],"tags":[32,26,33,49,5,34,22],"class_list":["post-1639","post","type-post","status-publish","format-standard","has-post-thumbnail","hentry","category-mapping-video","category-materiel","tag-case-study","tag-epson","tag-etude-de-cas","tag-la-seyne-sur-mer","tag-mapping-video","tag-modulo-pi","tag-noel"],"acf":[],"yoast_head":"<!-- This site is optimized with the Yoast SEO plugin v27.3 - https:\/\/yoast.com\/product\/yoast-seo-wordpress\/ -->\n<title>Electroson Studio - Cr\u00e9ateurs de mappings vid\u00e9o &#8211; Blog &#8211; Retour sur : D&#039;Apr\u00e8s Nature - Mapping vid\u00e9o - Chapelle des Maristes - La-Seyne-sur-Mer (83) - D\u00e9cembre 2021<\/title>\n<meta name=\"robots\" content=\"index, follow, max-snippet:-1, max-image-preview:large, max-video-preview:-1\" \/>\n<link rel=\"canonical\" href=\"https:\/\/www.electroson.fr\/en\/blog\/retour-sur-dapres-nature-mapping-video-chapelle-des-maristes-la-seyne-sur-mer-83-decembre-2021\/\" \/>\n<meta property=\"og:locale\" content=\"en_US\" \/>\n<meta property=\"og:type\" content=\"article\" \/>\n<meta property=\"og:title\" content=\"Electroson Studio - Cr\u00e9ateurs de mappings vid\u00e9o &#8211; Blog &#8211; Retour sur : D&#039;Apr\u00e8s Nature - Mapping vid\u00e9o - Chapelle des Maristes - La-Seyne-sur-Mer (83) - D\u00e9cembre 2021\" \/>\n<meta property=\"og:description\" content=\"Electroson Studio a \u00e9t\u00e9 s\u00e9lectionn\u00e9 par la Ville de La-Seyne-sur-Mer dans le cadre des f\u00eates de fin d&#039;ann\u00e9e 2021 pour r\u00e9aliser un parcours lumineux dans la ville. Revivez le spectacle &quot;D&#039;Apr\u00e8s Nature&quot;, projet\u00e9 sur la Chapelle des Maristes de La-Seyne-Sur-Mer (83) en D\u00e9cembre 2021.\" \/>\n<meta property=\"og:url\" content=\"https:\/\/www.electroson.fr\/en\/blog\/retour-sur-dapres-nature-mapping-video-chapelle-des-maristes-la-seyne-sur-mer-83-decembre-2021\/\" \/>\n<meta property=\"og:site_name\" content=\"Electroson Studio - Cr\u00e9ateurs de mappings vid\u00e9o\" \/>\n<meta property=\"article:publisher\" content=\"https:\/\/www.facebook.com\/electroson.studio\" \/>\n<meta property=\"article:published_time\" content=\"2022-03-21T11:36:32+00:00\" \/>\n<meta property=\"article:modified_time\" content=\"2025-08-03T14:32:48+00:00\" \/>\n<meta property=\"og:image\" content=\"https:\/\/www.electroson.fr\/wp-content\/uploads\/2022\/03\/vlcsnap-2022-03-21-12h12m42s502-Copie.png\" \/>\n\t<meta property=\"og:image:width\" content=\"1660\" \/>\n\t<meta property=\"og:image:height\" content=\"875\" \/>\n\t<meta property=\"og:image:type\" content=\"image\/png\" \/>\n<meta name=\"author\" content=\"electroson\" \/>\n<meta name=\"twitter:card\" content=\"summary_large_image\" \/>\n<meta name=\"twitter:label1\" content=\"Written by\" \/>\n\t<meta name=\"twitter:data1\" content=\"electroson\" \/>\n\t<meta name=\"twitter:label2\" content=\"Est. reading time\" \/>\n\t<meta name=\"twitter:data2\" content=\"2 minutes\" \/>\n<script type=\"application\/ld+json\" class=\"yoast-schema-graph\">{\"@context\":\"https:\\\/\\\/schema.org\",\"@graph\":[{\"@type\":\"Article\",\"@id\":\"https:\\\/\\\/www.electroson.fr\\\/blog\\\/retour-sur-dapres-nature-mapping-video-chapelle-des-maristes-la-seyne-sur-mer-83-decembre-2021\\\/#article\",\"isPartOf\":{\"@id\":\"https:\\\/\\\/www.electroson.fr\\\/blog\\\/retour-sur-dapres-nature-mapping-video-chapelle-des-maristes-la-seyne-sur-mer-83-decembre-2021\\\/\"},\"author\":{\"name\":\"electroson\",\"@id\":\"http:\\\/\\\/www.electroson.fr\\\/en\\\/#\\\/schema\\\/person\\\/7a73445a81dbd26af08c72c6ff5317e5\"},\"headline\":\"Retour sur : D&rsquo;Apr\u00e8s Nature &#8211; Mapping vid\u00e9o &#8211; Chapelle des Maristes &#8211; La-Seyne-sur-Mer (83) &#8211; D\u00e9cembre 2021\",\"datePublished\":\"2022-03-21T11:36:32+00:00\",\"dateModified\":\"2025-08-03T14:32:48+00:00\",\"mainEntityOfPage\":{\"@id\":\"https:\\\/\\\/www.electroson.fr\\\/blog\\\/retour-sur-dapres-nature-mapping-video-chapelle-des-maristes-la-seyne-sur-mer-83-decembre-2021\\\/\"},\"wordCount\":369,\"publisher\":{\"@id\":\"http:\\\/\\\/www.electroson.fr\\\/en\\\/#organization\"},\"image\":{\"@id\":\"https:\\\/\\\/www.electroson.fr\\\/blog\\\/retour-sur-dapres-nature-mapping-video-chapelle-des-maristes-la-seyne-sur-mer-83-decembre-2021\\\/#primaryimage\"},\"thumbnailUrl\":\"https:\\\/\\\/www.electroson.fr\\\/wp-content\\\/uploads\\\/2022\\\/03\\\/vlcsnap-2022-03-21-12h12m42s502-Copie.png\",\"keywords\":[\"Case Study\",\"Epson\",\"Etude de cas\",\"La Seyne sur Mer\",\"Mapping vid\u00e9o\",\"Modulo Pi\",\"No\u00ebl\"],\"articleSection\":[\"Mapping vid\u00e9o\",\"Mat\u00e9riel\"],\"inLanguage\":\"en-US\"},{\"@type\":\"WebPage\",\"@id\":\"https:\\\/\\\/www.electroson.fr\\\/blog\\\/retour-sur-dapres-nature-mapping-video-chapelle-des-maristes-la-seyne-sur-mer-83-decembre-2021\\\/\",\"url\":\"https:\\\/\\\/www.electroson.fr\\\/blog\\\/retour-sur-dapres-nature-mapping-video-chapelle-des-maristes-la-seyne-sur-mer-83-decembre-2021\\\/\",\"name\":\"Electroson Studio - Cr\u00e9ateurs de mappings vid\u00e9o &#8211; Blog &#8211; Retour sur : D'Apr\u00e8s Nature - Mapping vid\u00e9o - Chapelle des Maristes - La-Seyne-sur-Mer (83) - D\u00e9cembre 2021\",\"isPartOf\":{\"@id\":\"http:\\\/\\\/www.electroson.fr\\\/en\\\/#website\"},\"primaryImageOfPage\":{\"@id\":\"https:\\\/\\\/www.electroson.fr\\\/blog\\\/retour-sur-dapres-nature-mapping-video-chapelle-des-maristes-la-seyne-sur-mer-83-decembre-2021\\\/#primaryimage\"},\"image\":{\"@id\":\"https:\\\/\\\/www.electroson.fr\\\/blog\\\/retour-sur-dapres-nature-mapping-video-chapelle-des-maristes-la-seyne-sur-mer-83-decembre-2021\\\/#primaryimage\"},\"thumbnailUrl\":\"https:\\\/\\\/www.electroson.fr\\\/wp-content\\\/uploads\\\/2022\\\/03\\\/vlcsnap-2022-03-21-12h12m42s502-Copie.png\",\"datePublished\":\"2022-03-21T11:36:32+00:00\",\"dateModified\":\"2025-08-03T14:32:48+00:00\",\"breadcrumb\":{\"@id\":\"https:\\\/\\\/www.electroson.fr\\\/blog\\\/retour-sur-dapres-nature-mapping-video-chapelle-des-maristes-la-seyne-sur-mer-83-decembre-2021\\\/#breadcrumb\"},\"inLanguage\":\"en-US\",\"potentialAction\":[{\"@type\":\"ReadAction\",\"target\":[\"https:\\\/\\\/www.electroson.fr\\\/blog\\\/retour-sur-dapres-nature-mapping-video-chapelle-des-maristes-la-seyne-sur-mer-83-decembre-2021\\\/\"]}]},{\"@type\":\"ImageObject\",\"inLanguage\":\"en-US\",\"@id\":\"https:\\\/\\\/www.electroson.fr\\\/blog\\\/retour-sur-dapres-nature-mapping-video-chapelle-des-maristes-la-seyne-sur-mer-83-decembre-2021\\\/#primaryimage\",\"url\":\"https:\\\/\\\/www.electroson.fr\\\/wp-content\\\/uploads\\\/2022\\\/03\\\/vlcsnap-2022-03-21-12h12m42s502-Copie.png\",\"contentUrl\":\"https:\\\/\\\/www.electroson.fr\\\/wp-content\\\/uploads\\\/2022\\\/03\\\/vlcsnap-2022-03-21-12h12m42s502-Copie.png\",\"width\":\"1660\",\"height\":\"875\",\"caption\":\"D'Apr\u00e8s Nature - Chapelle des Maristes - La-Seyne-sur-Mer (83) - D\u00e9cembre 2021\"},{\"@type\":\"BreadcrumbList\",\"@id\":\"https:\\\/\\\/www.electroson.fr\\\/blog\\\/retour-sur-dapres-nature-mapping-video-chapelle-des-maristes-la-seyne-sur-mer-83-decembre-2021\\\/#breadcrumb\",\"itemListElement\":[{\"@type\":\"ListItem\",\"position\":1,\"name\":\"Home\",\"item\":\"http:\\\/\\\/www.electroson.fr\\\/en\\\/\"},{\"@type\":\"ListItem\",\"position\":2,\"name\":\"Retour sur : D&rsquo;Apr\u00e8s Nature &#8211; Mapping vid\u00e9o &#8211; Chapelle des Maristes &#8211; La-Seyne-sur-Mer (83) &#8211; D\u00e9cembre 2021\"}]},{\"@type\":\"WebSite\",\"@id\":\"http:\\\/\\\/www.electroson.fr\\\/en\\\/#website\",\"url\":\"http:\\\/\\\/www.electroson.fr\\\/en\\\/\",\"name\":\"Electroson Studio - Cr\u00e9ateurs de mappings vid\u00e9o\",\"description\":\"\",\"publisher\":{\"@id\":\"http:\\\/\\\/www.electroson.fr\\\/en\\\/#organization\"},\"potentialAction\":[{\"@type\":\"SearchAction\",\"target\":{\"@type\":\"EntryPoint\",\"urlTemplate\":\"http:\\\/\\\/www.electroson.fr\\\/en\\\/?s={search_term_string}\"},\"query-input\":{\"@type\":\"PropertyValueSpecification\",\"valueRequired\":true,\"valueName\":\"search_term_string\"}}],\"inLanguage\":\"en-US\"},{\"@type\":\"Organization\",\"@id\":\"http:\\\/\\\/www.electroson.fr\\\/en\\\/#organization\",\"name\":\"Electroson Studio\",\"url\":\"http:\\\/\\\/www.electroson.fr\\\/en\\\/\",\"logo\":{\"@type\":\"ImageObject\",\"inLanguage\":\"en-US\",\"@id\":\"http:\\\/\\\/www.electroson.fr\\\/en\\\/#\\\/schema\\\/logo\\\/image\\\/\",\"url\":\"https:\\\/\\\/www.electroson.fr\\\/wp-content\\\/uploads\\\/2020\\\/05\\\/Logo-Electroson-Studio-2018-noir-transparent-grand.png\",\"contentUrl\":\"https:\\\/\\\/www.electroson.fr\\\/wp-content\\\/uploads\\\/2020\\\/05\\\/Logo-Electroson-Studio-2018-noir-transparent-grand.png\",\"width\":5400,\"height\":1440,\"caption\":\"Electroson Studio\"},\"image\":{\"@id\":\"http:\\\/\\\/www.electroson.fr\\\/en\\\/#\\\/schema\\\/logo\\\/image\\\/\"},\"sameAs\":[\"https:\\\/\\\/www.facebook.com\\\/electroson.studio\",\"https:\\\/\\\/www.instagram.com\\\/electroson\\\/\",\"https:\\\/\\\/www.linkedin.com\\\/company\\\/electroson-studio\\\/\",\"https:\\\/\\\/www.youtube.com\\\/channel\\\/UCNweWo9JNw2byoR46hVcdSQ\\\/videos\"]},{\"@type\":\"Person\",\"@id\":\"http:\\\/\\\/www.electroson.fr\\\/en\\\/#\\\/schema\\\/person\\\/7a73445a81dbd26af08c72c6ff5317e5\",\"name\":\"electroson\",\"image\":{\"@type\":\"ImageObject\",\"inLanguage\":\"en-US\",\"@id\":\"https:\\\/\\\/secure.gravatar.com\\\/avatar\\\/4b0692e3239df6858f79903120dd849e5f6996c53a04d16b03a827b01a23eeac?s=96&d=mm&r=g\",\"url\":\"https:\\\/\\\/secure.gravatar.com\\\/avatar\\\/4b0692e3239df6858f79903120dd849e5f6996c53a04d16b03a827b01a23eeac?s=96&d=mm&r=g\",\"contentUrl\":\"https:\\\/\\\/secure.gravatar.com\\\/avatar\\\/4b0692e3239df6858f79903120dd849e5f6996c53a04d16b03a827b01a23eeac?s=96&d=mm&r=g\",\"caption\":\"electroson\"}}]}<\/script>\n<!-- \/ Yoast SEO plugin. -->","yoast_head_json":{"title":"Electroson Studio - Cr\u00e9ateurs de mappings vid\u00e9o &#8211; Blog &#8211; Retour sur : D'Apr\u00e8s Nature - Mapping vid\u00e9o - Chapelle des Maristes - La-Seyne-sur-Mer (83) - D\u00e9cembre 2021","robots":{"index":"index","follow":"follow","max-snippet":"max-snippet:-1","max-image-preview":"max-image-preview:large","max-video-preview":"max-video-preview:-1"},"canonical":"https:\/\/www.electroson.fr\/en\/blog\/retour-sur-dapres-nature-mapping-video-chapelle-des-maristes-la-seyne-sur-mer-83-decembre-2021\/","og_locale":"en_US","og_type":"article","og_title":"Electroson Studio - Cr\u00e9ateurs de mappings vid\u00e9o &#8211; Blog &#8211; Retour sur : D'Apr\u00e8s Nature - Mapping vid\u00e9o - Chapelle des Maristes - La-Seyne-sur-Mer (83) - D\u00e9cembre 2021","og_description":"Electroson Studio a \u00e9t\u00e9 s\u00e9lectionn\u00e9 par la Ville de La-Seyne-sur-Mer dans le cadre des f\u00eates de fin d'ann\u00e9e 2021 pour r\u00e9aliser un parcours lumineux dans la ville. Revivez le spectacle \"D'Apr\u00e8s Nature\", projet\u00e9 sur la Chapelle des Maristes de La-Seyne-Sur-Mer (83) en D\u00e9cembre 2021.","og_url":"https:\/\/www.electroson.fr\/en\/blog\/retour-sur-dapres-nature-mapping-video-chapelle-des-maristes-la-seyne-sur-mer-83-decembre-2021\/","og_site_name":"Electroson Studio - Cr\u00e9ateurs de mappings vid\u00e9o","article_publisher":"https:\/\/www.facebook.com\/electroson.studio","article_published_time":"2022-03-21T11:36:32+00:00","article_modified_time":"2025-08-03T14:32:48+00:00","og_image":[{"width":1660,"height":875,"url":"https:\/\/www.electroson.fr\/wp-content\/uploads\/2022\/03\/vlcsnap-2022-03-21-12h12m42s502-Copie.png","type":"image\/png"}],"author":"electroson","twitter_card":"summary_large_image","twitter_misc":{"Written by":"electroson","Est. reading time":"2 minutes"},"schema":{"@context":"https:\/\/schema.org","@graph":[{"@type":"Article","@id":"https:\/\/www.electroson.fr\/blog\/retour-sur-dapres-nature-mapping-video-chapelle-des-maristes-la-seyne-sur-mer-83-decembre-2021\/#article","isPartOf":{"@id":"https:\/\/www.electroson.fr\/blog\/retour-sur-dapres-nature-mapping-video-chapelle-des-maristes-la-seyne-sur-mer-83-decembre-2021\/"},"author":{"name":"electroson","@id":"http:\/\/www.electroson.fr\/en\/#\/schema\/person\/7a73445a81dbd26af08c72c6ff5317e5"},"headline":"Retour sur : D&rsquo;Apr\u00e8s Nature &#8211; Mapping vid\u00e9o &#8211; Chapelle des Maristes &#8211; La-Seyne-sur-Mer (83) &#8211; D\u00e9cembre 2021","datePublished":"2022-03-21T11:36:32+00:00","dateModified":"2025-08-03T14:32:48+00:00","mainEntityOfPage":{"@id":"https:\/\/www.electroson.fr\/blog\/retour-sur-dapres-nature-mapping-video-chapelle-des-maristes-la-seyne-sur-mer-83-decembre-2021\/"},"wordCount":369,"publisher":{"@id":"http:\/\/www.electroson.fr\/en\/#organization"},"image":{"@id":"https:\/\/www.electroson.fr\/blog\/retour-sur-dapres-nature-mapping-video-chapelle-des-maristes-la-seyne-sur-mer-83-decembre-2021\/#primaryimage"},"thumbnailUrl":"https:\/\/www.electroson.fr\/wp-content\/uploads\/2022\/03\/vlcsnap-2022-03-21-12h12m42s502-Copie.png","keywords":["Case Study","Epson","Etude de cas","La Seyne sur Mer","Mapping vid\u00e9o","Modulo Pi","No\u00ebl"],"articleSection":["Mapping vid\u00e9o","Mat\u00e9riel"],"inLanguage":"en-US"},{"@type":"WebPage","@id":"https:\/\/www.electroson.fr\/blog\/retour-sur-dapres-nature-mapping-video-chapelle-des-maristes-la-seyne-sur-mer-83-decembre-2021\/","url":"https:\/\/www.electroson.fr\/blog\/retour-sur-dapres-nature-mapping-video-chapelle-des-maristes-la-seyne-sur-mer-83-decembre-2021\/","name":"Electroson Studio - Cr\u00e9ateurs de mappings vid\u00e9o &#8211; Blog &#8211; Retour sur : D'Apr\u00e8s Nature - Mapping vid\u00e9o - Chapelle des Maristes - La-Seyne-sur-Mer (83) - D\u00e9cembre 2021","isPartOf":{"@id":"http:\/\/www.electroson.fr\/en\/#website"},"primaryImageOfPage":{"@id":"https:\/\/www.electroson.fr\/blog\/retour-sur-dapres-nature-mapping-video-chapelle-des-maristes-la-seyne-sur-mer-83-decembre-2021\/#primaryimage"},"image":{"@id":"https:\/\/www.electroson.fr\/blog\/retour-sur-dapres-nature-mapping-video-chapelle-des-maristes-la-seyne-sur-mer-83-decembre-2021\/#primaryimage"},"thumbnailUrl":"https:\/\/www.electroson.fr\/wp-content\/uploads\/2022\/03\/vlcsnap-2022-03-21-12h12m42s502-Copie.png","datePublished":"2022-03-21T11:36:32+00:00","dateModified":"2025-08-03T14:32:48+00:00","breadcrumb":{"@id":"https:\/\/www.electroson.fr\/blog\/retour-sur-dapres-nature-mapping-video-chapelle-des-maristes-la-seyne-sur-mer-83-decembre-2021\/#breadcrumb"},"inLanguage":"en-US","potentialAction":[{"@type":"ReadAction","target":["https:\/\/www.electroson.fr\/blog\/retour-sur-dapres-nature-mapping-video-chapelle-des-maristes-la-seyne-sur-mer-83-decembre-2021\/"]}]},{"@type":"ImageObject","inLanguage":"en-US","@id":"https:\/\/www.electroson.fr\/blog\/retour-sur-dapres-nature-mapping-video-chapelle-des-maristes-la-seyne-sur-mer-83-decembre-2021\/#primaryimage","url":"https:\/\/www.electroson.fr\/wp-content\/uploads\/2022\/03\/vlcsnap-2022-03-21-12h12m42s502-Copie.png","contentUrl":"https:\/\/www.electroson.fr\/wp-content\/uploads\/2022\/03\/vlcsnap-2022-03-21-12h12m42s502-Copie.png","width":"1660","height":"875","caption":"D'Apr\u00e8s Nature - Chapelle des Maristes - La-Seyne-sur-Mer (83) - D\u00e9cembre 2021"},{"@type":"BreadcrumbList","@id":"https:\/\/www.electroson.fr\/blog\/retour-sur-dapres-nature-mapping-video-chapelle-des-maristes-la-seyne-sur-mer-83-decembre-2021\/#breadcrumb","itemListElement":[{"@type":"ListItem","position":1,"name":"Home","item":"http:\/\/www.electroson.fr\/en\/"},{"@type":"ListItem","position":2,"name":"Retour sur : D&rsquo;Apr\u00e8s Nature &#8211; Mapping vid\u00e9o &#8211; Chapelle des Maristes &#8211; La-Seyne-sur-Mer (83) &#8211; D\u00e9cembre 2021"}]},{"@type":"WebSite","@id":"http:\/\/www.electroson.fr\/en\/#website","url":"http:\/\/www.electroson.fr\/en\/","name":"Electroson Studio - Creators of video mappings","description":"","publisher":{"@id":"http:\/\/www.electroson.fr\/en\/#organization"},"potentialAction":[{"@type":"SearchAction","target":{"@type":"EntryPoint","urlTemplate":"http:\/\/www.electroson.fr\/en\/?s={search_term_string}"},"query-input":{"@type":"PropertyValueSpecification","valueRequired":true,"valueName":"search_term_string"}}],"inLanguage":"en-US"},{"@type":"Organization","@id":"http:\/\/www.electroson.fr\/en\/#organization","name":"Electroson Studio","url":"http:\/\/www.electroson.fr\/en\/","logo":{"@type":"ImageObject","inLanguage":"en-US","@id":"http:\/\/www.electroson.fr\/en\/#\/schema\/logo\/image\/","url":"https:\/\/www.electroson.fr\/wp-content\/uploads\/2020\/05\/Logo-Electroson-Studio-2018-noir-transparent-grand.png","contentUrl":"https:\/\/www.electroson.fr\/wp-content\/uploads\/2020\/05\/Logo-Electroson-Studio-2018-noir-transparent-grand.png","width":5400,"height":1440,"caption":"Electroson Studio"},"image":{"@id":"http:\/\/www.electroson.fr\/en\/#\/schema\/logo\/image\/"},"sameAs":["https:\/\/www.facebook.com\/electroson.studio","https:\/\/www.instagram.com\/electroson\/","https:\/\/www.linkedin.com\/company\/electroson-studio\/","https:\/\/www.youtube.com\/channel\/UCNweWo9JNw2byoR46hVcdSQ\/videos"]},{"@type":"Person","@id":"http:\/\/www.electroson.fr\/en\/#\/schema\/person\/7a73445a81dbd26af08c72c6ff5317e5","name":"electrosound","image":{"@type":"ImageObject","inLanguage":"en-US","@id":"https:\/\/secure.gravatar.com\/avatar\/4b0692e3239df6858f79903120dd849e5f6996c53a04d16b03a827b01a23eeac?s=96&d=mm&r=g","url":"https:\/\/secure.gravatar.com\/avatar\/4b0692e3239df6858f79903120dd849e5f6996c53a04d16b03a827b01a23eeac?s=96&d=mm&r=g","contentUrl":"https:\/\/secure.gravatar.com\/avatar\/4b0692e3239df6858f79903120dd849e5f6996c53a04d16b03a827b01a23eeac?s=96&d=mm&r=g","caption":"electroson"}}]}},"_links":{"self":[{"href":"https:\/\/www.electroson.fr\/en\/wp-json\/wp\/v2\/posts\/1639","targetHints":{"allow":["GET"]}}],"collection":[{"href":"https:\/\/www.electroson.fr\/en\/wp-json\/wp\/v2\/posts"}],"about":[{"href":"https:\/\/www.electroson.fr\/en\/wp-json\/wp\/v2\/types\/post"}],"author":[{"embeddable":true,"href":"https:\/\/www.electroson.fr\/en\/wp-json\/wp\/v2\/users\/1"}],"replies":[{"embeddable":true,"href":"https:\/\/www.electroson.fr\/en\/wp-json\/wp\/v2\/comments?post=1639"}],"version-history":[{"count":1,"href":"https:\/\/www.electroson.fr\/en\/wp-json\/wp\/v2\/posts\/1639\/revisions"}],"predecessor-version":[{"id":2328,"href":"https:\/\/www.electroson.fr\/en\/wp-json\/wp\/v2\/posts\/1639\/revisions\/2328"}],"wp:featuredmedia":[{"embeddable":true,"href":"https:\/\/www.electroson.fr\/en\/wp-json\/wp\/v2\/media\/1640"}],"wp:attachment":[{"href":"https:\/\/www.electroson.fr\/en\/wp-json\/wp\/v2\/media?parent=1639"}],"wp:term":[{"taxonomy":"category","embeddable":true,"href":"https:\/\/www.electroson.fr\/en\/wp-json\/wp\/v2\/categories?post=1639"},{"taxonomy":"post_tag","embeddable":true,"href":"https:\/\/www.electroson.fr\/en\/wp-json\/wp\/v2\/tags?post=1639"}],"curies":[{"name":"wp","href":"https:\/\/api.w.org\/{rel}","templated":true}]}}